{"id":3906,"date":"2026-02-12T02:31:37","date_gmt":"2026-02-12T05:31:37","guid":{"rendered":"https:\/\/www.encontracotia.com.br\/sobre\/buracos-e-abelhas-fotos-mostram-condicao-precaria-do-ct-do-sao-paulo-em-cotia-que-irritou-crespo\/"},"modified":"2026-02-12T02:31:37","modified_gmt":"2026-02-12T05:31:37","slug":"buracos-e-abelhas-fotos-mostram-condicao-precaria-do-ct-do-sao-paulo-em-cotia-que-irritou-crespo","status":"publish","type":"post","link":"https:\/\/www.encontracotia.com.br\/sobre\/buracos-e-abelhas-fotos-mostram-condicao-precaria-do-ct-do-sao-paulo-em-cotia-que-irritou-crespo\/","title":{"rendered":"Buracos e abelhas: fotos mostram condi\u00e7\u00e3o prec\u00e1ria do CT do S\u00e3o Paulo em Cotia que irritou Crespo"},"content":{"rendered":"<div class=\"2f389296077028a1aaf14325388ebb6c\" data-index=\"1\" style=\"float: none; margin:5px 0 5px 0; text-align:center;\">\n<!-- PUB 73 - Responsivo Horizontal -->\r\n<ins class=\"adsbygoogle\"\r\n     style=\"display:block\"\r\n     data-ad-client=\"ca-pub-7321736592693252\"\r\n     data-ad-slot=\"3087950420\"\r\n     data-ad-format=\"auto\"\r\n     data-full-width-responsive=\"true\"><\/ins>\r\n<script>\r\n     (adsbygoogle = window.adsbygoogle || []).push({});\r\n<\/script>\n<\/div>\n<h2>Introdu\u00e7\u00e3o ao CT do S\u00e3o Paulo<\/h2>\n<p>O Centro de Forma\u00e7\u00e3o de Atletas (CFA) do S\u00e3o Paulo, localizado em Cotia, tem sido um espa\u00e7o crucial para o desenvolvimento de jogadores e equipes profissionais. No entanto, as recentes condi\u00e7\u00f5es do local levantaram preocupa\u00e7\u00f5es s\u00e9rias, n\u00e3o s\u00f3 sobre a infraestrutura, mas tamb\u00e9m sobre o impacto que isso pode ter na performance dos atletas. Abaixo, vamos explorar as diversas quest\u00f5es relacionadas \u00e0 situa\u00e7\u00e3o atual do CT.<\/p>\n<h2>Imagens Recentes do CT<\/h2>\n<p>Em janeiro de 2026, imagens obtidas demonstraram a real situa\u00e7\u00e3o prec\u00e1ria do CFA. Os registros mostraram campos com buracos evidentes e \u00e1reas cobertas de areia, al\u00e9m de problemas estruturais. As imagens ilustram a urg\u00eancia de investimentos em melhorias, refletindo uma realidade que preocupa tanto a administra\u00e7\u00e3o do clube quanto o elenco.De acordo com as fotos, podemos observar:<\/p>\n<ul>\n<li>Buracos vis\u00edveis em v\u00e1rias partes do gramado.<\/li>\n<li>Pontos com areia espalhados pelo campo que dificultam o treinamento.<\/li>\n<li>Presen\u00e7a de fungos na grama, indicando falta de cuidado e manuten\u00e7\u00e3o.<\/li>\n<\/ul>\n<h2>Condi\u00e7\u00f5es do Gramado<\/h2>\n<p>O estado do gramado do CT de Cotia \u00e9 um dos pontos mais criticados. O piso irregular e as falhas significativas podem comprometer tanto a seguran\u00e7a dos jogadores quanto a qualidade dos treinos. A vegeta\u00e7\u00e3o do campo tamb\u00e9m se apresenta em condi\u00e7\u00f5es inadequadas, com \u00e1reas completamente apenas cobertas de areia ou at\u00e9 mesmo infestadas por fungos. Tais condi\u00e7\u00f5es dificultam o trabalho t\u00e9cnico e as atividades f\u00edsicas dos atletas.<\/p>\n<p><img decoding=\"async\" src=\"https:\/\/www.encontracotia.com.br\/sobre\/wp-content\/uploads\/2026\/02\/buracos-e-abelhas-fotos-mostram-condicao-precaria-do-ct-do-sao-paulo-em-cotia-que-irritou-crespo.webp\" alt=\"condi\u00e7\u00f5es do CT do S\u00e3o Paulo em Cotia\" loading=\"lazy\" \/><\/p>\n<h2>Estruturas Prec\u00e1rias<\/h2>\n<p>A estrutura do CFA n\u00e3o se limita apenas ao gramado afetado. Outras \u00e1reas tamb\u00e9m mostram descaso. Um banco de reservas, por exemplo, estava precarizado, apoiado por um simples peda\u00e7o de madeira. Al\u00e9m disso:<\/p>\n<ul>\n<li>Estruturas de publicidades estavam danificadas, algumas rasgadas ou at\u00e9 quebradas.<\/li>\n<li>A presen\u00e7a de abelhas em um dos locais do complexo complicou ainda mais a situa\u00e7\u00e3o, gerando riscos aos atletas.<\/li>\n<li>Todo este conjunto de problemas demanda uma aten\u00e7\u00e3o imediata da administra\u00e7\u00e3o do clube.<\/li>\n<\/ul>\n<h2>Repercuss\u00e3o entre Jogadores<\/h2>\n<p>As condi\u00e7\u00f5es do CT n\u00e3o passaram despercebidas pelos jogadores. O t\u00e9cnico Hern\u00e1n Crespo e as lideran\u00e7as do elenco expressaram sua insatisfa\u00e7\u00e3o com a situa\u00e7\u00e3o. Durante a pr\u00e9-temporada, isso gerou um clima de preocupa\u00e7\u00e3o e descontentamento.<\/p>\n<p>Os atletas destacaram a necessidade de um ambiente apropriado para treinos eficazes e competitivos. A falta de condi\u00e7\u00f5es adequadas prejudica n\u00e3o apenas o desempenho f\u00edsico, mas tamb\u00e9m a motiva\u00e7\u00e3o e o moral do grupo.<\/p>\n<h2>Rea\u00e7\u00e3o da Comiss\u00e3o T\u00e9cnica<\/h2>\n<p>A comiss\u00e3o t\u00e9cnica, liderada por Crespo, fez quest\u00e3o de ressaltar a import\u00e2ncia de um CT que ofere\u00e7a infraestrutura digna aos jogadores. Crespo se posicionou publicamente ao expressar sua frustra\u00e7\u00e3o com a situa\u00e7\u00e3o e a urg\u00eancia de reformas. Isso reflete um entendimento da comiss\u00e3o sobre como um ambiente de treinamento adequado impacta diretamente no desempenho em campo.<\/p>\n<h2>Expectativas para Melhorias<\/h2>\n<p>Ap\u00f3s a repercuss\u00e3o negativa das imagens e a press\u00e3o do elenco, o clube deve se mobilizar em busca de melhorias. A expectativa \u00e9 de que a administra\u00e7\u00e3o do S\u00e3o Paulo reconhe\u00e7a a import\u00e2ncia de revitalizar o CFA o mais r\u00e1pido poss\u00edvel.<\/p>\n<ul>\n<li>\u00c9 necess\u00e1rio que planos de manuten\u00e7\u00e3o sejam implementados urgentemente.<\/li>\n<li>A revitaliza\u00e7\u00e3o das estruturas f\u00edsicas deve ser uma prioridade, garantindo seguran\u00e7a e bem-estar.<\/li>\n<li>Reformas no gramado e nas instala\u00e7\u00f5es devem ser planejadas a longo prazo para evitar que situa\u00e7\u00f5es como esta se repitam.<\/li>\n<\/ul>\n<h2>Hist\u00f3rico de Manuten\u00e7\u00e3o do CT<\/h2>\n<p>Historicamente, a manuten\u00e7\u00e3o do CT de Cotia tem sido um assunto sens\u00edvel. A falta de recursos e a prioridade dada a outras \u00e1reas do clube resultaram em um descaso cont\u00ednuo nas condi\u00e7\u00f5es do CFA, afetando diretamente a experi\u00eancia dos jogadores e a forma\u00e7\u00e3o de jovens talentos.<\/p>\n<h2>Comparativo com Outros Centros de Treinamento<\/h2>\n<p>Comparando com outros centros de treinamento de clubes no Brasil e no exterior, o CFA do S\u00e3o Paulo est\u00e1 em desvantagem. Muitos clubes investem significativamente em suas infraestruturas, proporcionando condi\u00e7\u00f5es adequadas tanto para jogadores profissionais quanto para as divis\u00f5es de base. Este investimento se reflete em desempenho e desenvolvimento.<\/p>\n<h2>Planos Futuros do S\u00e3o Paulo<\/h2>\n<p>Em meio a este quadro preocupante, o S\u00e3o Paulo precisa planejar suas a\u00e7\u00f5es futuras com seriedade e efic\u00e1cia. O clube dever\u00e1:<\/p>\n<ul>\n<li>Realizar avalia\u00e7\u00f5es peri\u00f3dicas das condi\u00e7\u00f5es do CT.<\/li>\n<li>Refor\u00e7ar parcerias com empresas especializadas em gramados e manuten\u00e7\u00e3o de campos.<\/li>\n<li>Buscar formas de financiamento e doa\u00e7\u00f5es, visando a revitaliza\u00e7\u00e3o do CFA.<\/li>\n<li>Implementar uma gest\u00e3o mais eficiente e comprometida com o bem-estar dos atletas.<\/li>\n<\/ul>\n<p>O sucesso do S\u00e3o Paulo depende da capacidade de adapta\u00e7\u00e3o e inova\u00e7\u00e3o na gest\u00e3o de seu centro de treinamento, sem o que o clube corre o risco de ficar para tr\u00e1s em um cen\u00e1rio competitivo que exige qualidade em todos os aspectos.<\/p>\n\n<div style=\"font-size: 0px; height: 0px; line-height: 0px; margin: 0; padding: 0; clear: both;\"><\/div>","protected":false},"excerpt":{"rendered":"<p>CT do S\u00e3o Paulo em Cotia apresenta falhas graves na infraestrutura.<\/p>\n","protected":false},"author":1,"featured_media":3905,"comment_status":"closed","ping_status":"","sticky":false,"template":"","format":"standard","meta":{"footnotes":""},"categories":[6],"tags":[],"yoast_head":"<!-- This site is optimized with the Yoast SEO plugin v22.8 - https:\/\/yoast.com\/wordpress\/plugins\/seo\/ -->\n<title>Buracos e abelhas: fotos mostram condi\u00e7\u00e3o prec\u00e1ria do CT do S\u00e3o Paulo em Cotia que irritou Crespo - Encontra Cotia<\/title>\n<meta name=\"robots\" content=\"index, follow, max-snippet:-1, max-image-preview:large, max-video-preview:-1\" \/>\n<link rel=\"canonical\" href=\"https:\/\/www.encontracotia.com.br\/sobre\/buracos-e-abelhas-fotos-mostram-condicao-precaria-do-ct-do-sao-paulo-em-cotia-que-irritou-crespo\/\" \/>\n<meta property=\"og:locale\" content=\"pt_BR\" \/>\n<meta property=\"og:type\" content=\"article\" \/>\n<meta property=\"og:title\" content=\"Buracos e abelhas: fotos mostram condi\u00e7\u00e3o prec\u00e1ria do CT do S\u00e3o Paulo em Cotia que irritou Crespo - Encontra Cotia\" \/>\n<meta property=\"og:description\" content=\"CT do S\u00e3o Paulo em Cotia apresenta falhas graves na infraestrutura.\" \/>\n<meta property=\"og:url\" content=\"https:\/\/www.encontracotia.com.br\/sobre\/buracos-e-abelhas-fotos-mostram-condicao-precaria-do-ct-do-sao-paulo-em-cotia-que-irritou-crespo\/\" \/>\n<meta property=\"og:site_name\" content=\"Encontra Cotia\" \/>\n<meta property=\"article:published_time\" content=\"2026-02-12T05:31:37+00:00\" \/>\n<meta property=\"og:image\" content=\"https:\/\/www.encontracotia.com.br\/sobre\/wp-content\/uploads\/2026\/02\/buracos-e-abelhas-fotos-mostram-condicao-precaria-do-ct-do-sao-paulo-em-cotia-que-irritou-crespo.webp\" \/>\n<meta name=\"author\" content=\"Encontra Cotia\" \/>\n<meta name=\"twitter:card\" content=\"summary_large_image\" \/>\n<meta name=\"twitter:label1\" content=\"Escrito por\" \/>\n\t<meta name=\"twitter:data1\" content=\"Encontra Cotia\" \/>\n\t<meta name=\"twitter:label2\" content=\"Est. tempo de leitura\" \/>\n\t<meta name=\"twitter:data2\" content=\"4 minutos\" \/>\n<script type=\"application\/ld+json\" class=\"yoast-schema-graph\">{\"@context\":\"https:\/\/schema.org\",\"@graph\":[{\"@type\":\"WebPage\",\"@id\":\"https:\/\/www.encontracotia.com.br\/sobre\/buracos-e-abelhas-fotos-mostram-condicao-precaria-do-ct-do-sao-paulo-em-cotia-que-irritou-crespo\/\",\"url\":\"https:\/\/www.encontracotia.com.br\/sobre\/buracos-e-abelhas-fotos-mostram-condicao-precaria-do-ct-do-sao-paulo-em-cotia-que-irritou-crespo\/\",\"name\":\"Buracos e abelhas: fotos mostram condi\u00e7\u00e3o prec\u00e1ria do CT do S\u00e3o Paulo em Cotia que irritou Crespo - Encontra Cotia\",\"isPartOf\":{\"@id\":\"https:\/\/www.encontracotia.com.br\/sobre\/#website\"},\"primaryImageOfPage\":{\"@id\":\"https:\/\/www.encontracotia.com.br\/sobre\/buracos-e-abelhas-fotos-mostram-condicao-precaria-do-ct-do-sao-paulo-em-cotia-que-irritou-crespo\/#primaryimage\"},\"image\":{\"@id\":\"https:\/\/www.encontracotia.com.br\/sobre\/buracos-e-abelhas-fotos-mostram-condicao-precaria-do-ct-do-sao-paulo-em-cotia-que-irritou-crespo\/#primaryimage\"},\"thumbnailUrl\":\"https:\/\/www.encontracotia.com.br\/sobre\/wp-content\/uploads\/2026\/02\/buracos-e-abelhas-fotos-mostram-condicao-precaria-do-ct-do-sao-paulo-em-cotia-que-irritou-crespo.webp\",\"datePublished\":\"2026-02-12T05:31:37+00:00\",\"dateModified\":\"2026-02-12T05:31:37+00:00\",\"author\":{\"@id\":\"https:\/\/www.encontracotia.com.br\/sobre\/#\/schema\/person\/c1e30d47a80f096820675a8969843f44\"},\"breadcrumb\":{\"@id\":\"https:\/\/www.encontracotia.com.br\/sobre\/buracos-e-abelhas-fotos-mostram-condicao-precaria-do-ct-do-sao-paulo-em-cotia-que-irritou-crespo\/#breadcrumb\"},\"inLanguage\":\"pt-BR\",\"potentialAction\":[{\"@type\":\"ReadAction\",\"target\":[\"https:\/\/www.encontracotia.com.br\/sobre\/buracos-e-abelhas-fotos-mostram-condicao-precaria-do-ct-do-sao-paulo-em-cotia-que-irritou-crespo\/\"]}]},{\"@type\":\"ImageObject\",\"inLanguage\":\"pt-BR\",\"@id\":\"https:\/\/www.encontracotia.com.br\/sobre\/buracos-e-abelhas-fotos-mostram-condicao-precaria-do-ct-do-sao-paulo-em-cotia-que-irritou-crespo\/#primaryimage\",\"url\":\"https:\/\/www.encontracotia.com.br\/sobre\/wp-content\/uploads\/2026\/02\/buracos-e-abelhas-fotos-mostram-condicao-precaria-do-ct-do-sao-paulo-em-cotia-que-irritou-crespo.webp\",\"contentUrl\":\"https:\/\/www.encontracotia.com.br\/sobre\/wp-content\/uploads\/2026\/02\/buracos-e-abelhas-fotos-mostram-condicao-precaria-do-ct-do-sao-paulo-em-cotia-que-irritou-crespo.webp\",\"width\":280,\"height\":280,\"caption\":\"condi\u00e7\u00f5es do CT do S\u00e3o Paulo em Cotia\"},{\"@type\":\"BreadcrumbList\",\"@id\":\"https:\/\/www.encontracotia.com.br\/sobre\/buracos-e-abelhas-fotos-mostram-condicao-precaria-do-ct-do-sao-paulo-em-cotia-que-irritou-crespo\/#breadcrumb\",\"itemListElement\":[{\"@type\":\"ListItem\",\"position\":1,\"name\":\"In\u00edcio\",\"item\":\"https:\/\/www.encontracotia.com.br\/sobre\/\"},{\"@type\":\"ListItem\",\"position\":2,\"name\":\"Buracos e abelhas: fotos mostram condi\u00e7\u00e3o prec\u00e1ria do CT do S\u00e3o Paulo em Cotia que irritou Crespo\"}]},{\"@type\":\"WebSite\",\"@id\":\"https:\/\/www.encontracotia.com.br\/sobre\/#website\",\"url\":\"https:\/\/www.encontracotia.com.br\/sobre\/\",\"name\":\"Encontra Cotia\",\"description\":\"Not\u00edcias, eventos, informa\u00e7\u00f5es e dicas na cidade de Cotia e regi\u00e3o\",\"potentialAction\":[{\"@type\":\"SearchAction\",\"target\":{\"@type\":\"EntryPoint\",\"urlTemplate\":\"https:\/\/www.encontracotia.com.br\/sobre\/?s={search_term_string}\"},\"query-input\":\"required name=search_term_string\"}],\"inLanguage\":\"pt-BR\"},{\"@type\":\"Person\",\"@id\":\"https:\/\/www.encontracotia.com.br\/sobre\/#\/schema\/person\/c1e30d47a80f096820675a8969843f44\",\"name\":\"Encontra Cotia\",\"image\":{\"@type\":\"ImageObject\",\"inLanguage\":\"pt-BR\",\"@id\":\"https:\/\/www.encontracotia.com.br\/sobre\/#\/schema\/person\/image\/\",\"url\":\"https:\/\/secure.gravatar.com\/avatar\/f007732be0d27cbf8a336929fe922478?s=96&d=mm&r=g\",\"contentUrl\":\"https:\/\/secure.gravatar.com\/avatar\/f007732be0d27cbf8a336929fe922478?s=96&d=mm&r=g\",\"caption\":\"Encontra Cotia\"},\"sameAs\":[\"http:\/\/www.encontracotia.com.br\"],\"url\":\"https:\/\/www.encontracotia.com.br\/sobre\/author\/ecotia\/\"}]}<\/script>\n<!-- \/ Yoast SEO plugin. -->","yoast_head_json":{"title":"Buracos e abelhas: fotos mostram condi\u00e7\u00e3o prec\u00e1ria do CT do S\u00e3o Paulo em Cotia que irritou Crespo - Encontra Cotia","robots":{"index":"index","follow":"follow","max-snippet":"max-snippet:-1","max-image-preview":"max-image-preview:large","max-video-preview":"max-video-preview:-1"},"canonical":"https:\/\/www.encontracotia.com.br\/sobre\/buracos-e-abelhas-fotos-mostram-condicao-precaria-do-ct-do-sao-paulo-em-cotia-que-irritou-crespo\/","og_locale":"pt_BR","og_type":"article","og_title":"Buracos e abelhas: fotos mostram condi\u00e7\u00e3o prec\u00e1ria do CT do S\u00e3o Paulo em Cotia que irritou Crespo - Encontra Cotia","og_description":"CT do S\u00e3o Paulo em Cotia apresenta falhas graves na infraestrutura.","og_url":"https:\/\/www.encontracotia.com.br\/sobre\/buracos-e-abelhas-fotos-mostram-condicao-precaria-do-ct-do-sao-paulo-em-cotia-que-irritou-crespo\/","og_site_name":"Encontra Cotia","article_published_time":"2026-02-12T05:31:37+00:00","og_image":[{"url":"https:\/\/www.encontracotia.com.br\/sobre\/wp-content\/uploads\/2026\/02\/buracos-e-abelhas-fotos-mostram-condicao-precaria-do-ct-do-sao-paulo-em-cotia-que-irritou-crespo.webp"}],"author":"Encontra Cotia","twitter_card":"summary_large_image","twitter_misc":{"Escrito por":"Encontra Cotia","Est. tempo de leitura":"4 minutos"},"schema":{"@context":"https:\/\/schema.org","@graph":[{"@type":"WebPage","@id":"https:\/\/www.encontracotia.com.br\/sobre\/buracos-e-abelhas-fotos-mostram-condicao-precaria-do-ct-do-sao-paulo-em-cotia-que-irritou-crespo\/","url":"https:\/\/www.encontracotia.com.br\/sobre\/buracos-e-abelhas-fotos-mostram-condicao-precaria-do-ct-do-sao-paulo-em-cotia-que-irritou-crespo\/","name":"Buracos e abelhas: fotos mostram condi\u00e7\u00e3o prec\u00e1ria do CT do S\u00e3o Paulo em Cotia que irritou Crespo - Encontra Cotia","isPartOf":{"@id":"https:\/\/www.encontracotia.com.br\/sobre\/#website"},"primaryImageOfPage":{"@id":"https:\/\/www.encontracotia.com.br\/sobre\/buracos-e-abelhas-fotos-mostram-condicao-precaria-do-ct-do-sao-paulo-em-cotia-que-irritou-crespo\/#primaryimage"},"image":{"@id":"https:\/\/www.encontracotia.com.br\/sobre\/buracos-e-abelhas-fotos-mostram-condicao-precaria-do-ct-do-sao-paulo-em-cotia-que-irritou-crespo\/#primaryimage"},"thumbnailUrl":"https:\/\/www.encontracotia.com.br\/sobre\/wp-content\/uploads\/2026\/02\/buracos-e-abelhas-fotos-mostram-condicao-precaria-do-ct-do-sao-paulo-em-cotia-que-irritou-crespo.webp","datePublished":"2026-02-12T05:31:37+00:00","dateModified":"2026-02-12T05:31:37+00:00","author":{"@id":"https:\/\/www.encontracotia.com.br\/sobre\/#\/schema\/person\/c1e30d47a80f096820675a8969843f44"},"breadcrumb":{"@id":"https:\/\/www.encontracotia.com.br\/sobre\/buracos-e-abelhas-fotos-mostram-condicao-precaria-do-ct-do-sao-paulo-em-cotia-que-irritou-crespo\/#breadcrumb"},"inLanguage":"pt-BR","potentialAction":[{"@type":"ReadAction","target":["https:\/\/www.encontracotia.com.br\/sobre\/buracos-e-abelhas-fotos-mostram-condicao-precaria-do-ct-do-sao-paulo-em-cotia-que-irritou-crespo\/"]}]},{"@type":"ImageObject","inLanguage":"pt-BR","@id":"https:\/\/www.encontracotia.com.br\/sobre\/buracos-e-abelhas-fotos-mostram-condicao-precaria-do-ct-do-sao-paulo-em-cotia-que-irritou-crespo\/#primaryimage","url":"https:\/\/www.encontracotia.com.br\/sobre\/wp-content\/uploads\/2026\/02\/buracos-e-abelhas-fotos-mostram-condicao-precaria-do-ct-do-sao-paulo-em-cotia-que-irritou-crespo.webp","contentUrl":"https:\/\/www.encontracotia.com.br\/sobre\/wp-content\/uploads\/2026\/02\/buracos-e-abelhas-fotos-mostram-condicao-precaria-do-ct-do-sao-paulo-em-cotia-que-irritou-crespo.webp","width":280,"height":280,"caption":"condi\u00e7\u00f5es do CT do S\u00e3o Paulo em Cotia"},{"@type":"BreadcrumbList","@id":"https:\/\/www.encontracotia.com.br\/sobre\/buracos-e-abelhas-fotos-mostram-condicao-precaria-do-ct-do-sao-paulo-em-cotia-que-irritou-crespo\/#breadcrumb","itemListElement":[{"@type":"ListItem","position":1,"name":"In\u00edcio","item":"https:\/\/www.encontracotia.com.br\/sobre\/"},{"@type":"ListItem","position":2,"name":"Buracos e abelhas: fotos mostram condi\u00e7\u00e3o prec\u00e1ria do CT do S\u00e3o Paulo em Cotia que irritou Crespo"}]},{"@type":"WebSite","@id":"https:\/\/www.encontracotia.com.br\/sobre\/#website","url":"https:\/\/www.encontracotia.com.br\/sobre\/","name":"Encontra Cotia","description":"Not\u00edcias, eventos, informa\u00e7\u00f5es e dicas na cidade de Cotia e regi\u00e3o","potentialAction":[{"@type":"SearchAction","target":{"@type":"EntryPoint","urlTemplate":"https:\/\/www.encontracotia.com.br\/sobre\/?s={search_term_string}"},"query-input":"required name=search_term_string"}],"inLanguage":"pt-BR"},{"@type":"Person","@id":"https:\/\/www.encontracotia.com.br\/sobre\/#\/schema\/person\/c1e30d47a80f096820675a8969843f44","name":"Encontra Cotia","image":{"@type":"ImageObject","inLanguage":"pt-BR","@id":"https:\/\/www.encontracotia.com.br\/sobre\/#\/schema\/person\/image\/","url":"https:\/\/secure.gravatar.com\/avatar\/f007732be0d27cbf8a336929fe922478?s=96&d=mm&r=g","contentUrl":"https:\/\/secure.gravatar.com\/avatar\/f007732be0d27cbf8a336929fe922478?s=96&d=mm&r=g","caption":"Encontra Cotia"},"sameAs":["http:\/\/www.encontracotia.com.br"],"url":"https:\/\/www.encontracotia.com.br\/sobre\/author\/ecotia\/"}]}},"_links":{"self":[{"href":"https:\/\/www.encontracotia.com.br\/sobre\/wp-json\/wp\/v2\/posts\/3906"}],"collection":[{"href":"https:\/\/www.encontracotia.com.br\/sobre\/wp-json\/wp\/v2\/posts"}],"about":[{"href":"https:\/\/www.encontracotia.com.br\/sobre\/wp-json\/wp\/v2\/types\/post"}],"author":[{"embeddable":true,"href":"https:\/\/www.encontracotia.com.br\/sobre\/wp-json\/wp\/v2\/users\/1"}],"replies":[{"embeddable":true,"href":"https:\/\/www.encontracotia.com.br\/sobre\/wp-json\/wp\/v2\/comments?post=3906"}],"version-history":[{"count":0,"href":"https:\/\/www.encontracotia.com.br\/sobre\/wp-json\/wp\/v2\/posts\/3906\/revisions"}],"wp:featuredmedia":[{"embeddable":true,"href":"https:\/\/www.encontracotia.com.br\/sobre\/wp-json\/wp\/v2\/media\/3905"}],"wp:attachment":[{"href":"https:\/\/www.encontracotia.com.br\/sobre\/wp-json\/wp\/v2\/media?parent=3906"}],"wp:term":[{"taxonomy":"category","embeddable":true,"href":"https:\/\/www.encontracotia.com.br\/sobre\/wp-json\/wp\/v2\/categories?post=3906"},{"taxonomy":"post_tag","embeddable":true,"href":"https:\/\/www.encontracotia.com.br\/sobre\/wp-json\/wp\/v2\/tags?post=3906"}],"curies":[{"name":"wp","href":"https:\/\/api.w.org\/{rel}","templated":true}]}}