{"id":4937,"date":"2026-08-24T20:38:09","date_gmt":"2026-08-24T23:38:09","guid":{"rendered":"https:\/\/www.encontracotia.com.br\/sobre\/21-caes-famintos-sao-resgatados-em-canil-clandestino-em-cotia\/"},"modified":"2026-08-24T20:38:09","modified_gmt":"2026-08-24T23:38:09","slug":"21-caes-famintos-sao-resgatados-em-canil-clandestino-em-cotia","status":"publish","type":"post","link":"https:\/\/www.encontracotia.com.br\/sobre\/21-caes-famintos-sao-resgatados-em-canil-clandestino-em-cotia\/","title":{"rendered":"21 c\u00e3es famintos s\u00e3o resgatados em canil clandestino em Cotia"},"content":{"rendered":"<div class=\"2f389296077028a1aaf14325388ebb6c\" data-index=\"1\" style=\"float: none; margin:5px 0 5px 0; text-align:center;\">\n<!-- PUB 73 - Responsivo Horizontal -->\r\n<ins class=\"adsbygoogle\"\r\n     style=\"display:block\"\r\n     data-ad-client=\"ca-pub-7321736592693252\"\r\n     data-ad-slot=\"3087950420\"\r\n     data-ad-format=\"auto\"\r\n     data-full-width-responsive=\"true\"><\/ins>\r\n<script>\r\n     (adsbygoogle = window.adsbygoogle || []).push({});\r\n<\/script>\n<\/div>\n<h2>O Resgate Dram\u00e1tico dos C\u00e3es em Cotia<\/h2>\n<p>No dia 29 de julho de 2026, uma opera\u00e7\u00e3o de resgate mobilizou diferentes entidades em Cotia, resultando na liberta\u00e7\u00e3o de 21 c\u00e3es que estavam vivendo em condi\u00e7\u00f5es deplor\u00e1veis. A a\u00e7\u00e3o ocorreu em um im\u00f3vel localizado na Estrada do Tanabe, na regi\u00e3o de Caucaia do Alto, onde os animais eram mantidos de forma irregular e sem cuidados adequados.<\/p>\n<p>A situa\u00e7\u00e3o dos c\u00e3es era alarmante, evidenciando o grave problema dos maus-tratos a animais. Ap\u00f3s den\u00fancias e investiga\u00e7\u00f5es preliminares, as autoridades decidiram intervir, levando a equipe da Guarda Ambiental a fazer uma inspe\u00e7\u00e3o no local. O que encontraram foi chocante e revelou a necessidade urgente de reverter a situa\u00e7\u00e3o.<\/p>\n<h2>Condi\u00e7\u00f5es Prec\u00e1rias: O que Encontraram no Local?<\/h2>\n<p>Os agentes de resgate ao chegarem ao canil clandestino se depararam com um ambiente totalmente inadequado para a perman\u00eancia dos c\u00e3es. Os animais estavam enfraquecidos, desnutridos e sob uma press\u00e3o constante que resultava em comportamentos agressivos entre eles, lutando at\u00e9 mesmo por comida. Este acirramento das condi\u00e7\u00f5es de sobreviv\u00eancia refletia a falta de recursos e de cuidados essenciais.<\/p>\n<p><img decoding=\"async\" src=\"https:\/\/www.encontracotia.com.br\/sobre\/wp-content\/uploads\/2026\/08\/21-caes-famintos-sao-resgatados-em-canil-clandestino-em-cotia-1.webp\" alt=\"c\u00e3es famintos\" loading=\"lazy\" \/><\/p>\n<p>Al\u00e9m da desnutri\u00e7\u00e3o, os fiscais encontraram cinco carca\u00e7as de c\u00e3es j\u00e1 falecidos, algumas das quais estavam sendo consumidas pelos sobreviventes. Essa realidade cruel destaca o cen\u00e1rio de abandono e sofrimento que aqueles animais enfrentavam, refletindo uma gest\u00e3o completamente irrespons\u00e1vel e illegal dos cuidados com os pets.<\/p>\n<h2>A Situa\u00e7\u00e3o Cr\u00edtica dos Animais Resgatados<\/h2>\n<p>Os 21 c\u00e3es resgatados apresentavam n\u00edveis alarmantes de desnutri\u00e7\u00e3o e desidrata\u00e7\u00e3o, com a maioria deles necessitando urgentemente de atendimento veterin\u00e1rio. Ap\u00f3s a opera\u00e7\u00e3o, eles foram levados a um instituto especializado, onde receberiam os cuidados necess\u00e1rios, incluindo alimenta\u00e7\u00e3o adequada e tratamento veterin\u00e1rio essencial.<\/p>\n<p>As condi\u00e7\u00f5es em que os c\u00e3es foram encontrados sublinham a import\u00e2ncia de interven\u00e7\u00f5es r\u00e1pidas em casos de maus-tratos. Para muitos desses animais, a ajuda chegou a tempo; por\u00e9m, a aten\u00e7\u00e3o especializada ser\u00e1 crucial para a sua recupera\u00e7\u00e3o completa e para a reintegra\u00e7\u00e3o a um ambiente seguro e saud\u00e1vel.<\/p>\n<h2>Investiga\u00e7\u00e3o da Pol\u00edcia Civil sobre o Canil Irregular<\/h2>\n<p>A Pol\u00edcia Civil iniciou uma investiga\u00e7\u00e3o para identificar os respons\u00e1veis por manter o canil clandestino e averiguar as circunst\u00e2ncias que levaram a esse cen\u00e1rio de crueldade e abandono. A responsabilidade penal por maus-tratos a animais \u00e9 severa e, caso sejam identificados os respons\u00e1veis, poder\u00e3o enfrentar consequ\u00eancias legais significativas.<\/p>\n<p>A a\u00e7\u00e3o da pol\u00edcia \u00e9 fundamental n\u00e3o apenas para punir os culpados, mas tamb\u00e9m para prevenir que futuros casos semelhantes ocorram. Esse tipo de abordagem permite que os munic\u00edpios tratem de maneira mais eficaz o problema da gest\u00e3o adequada de canis e da prote\u00e7\u00e3o animal.<\/p>\n<h2>O Que Faz um Canil Ser Considerado Irregular?<\/h2>\n<p>Um canil \u00e9 considerado irregular quando n\u00e3o possui a documenta\u00e7\u00e3o necess\u00e1ria e as licen\u00e7as de funcionamento exigidas pelas autoridades locais e sanit\u00e1rias. Al\u00e9m disso, as condi\u00e7\u00f5es de higiene e bem-estar dos animais devem atender a padr\u00f5es que garantam a sa\u00fade f\u00edsica e mental dos pets.<\/p>\n<p>Os canis devem oferecer aten\u00e7\u00e3o veterin\u00e1ria, alimenta\u00e7\u00e3o adequada, ambiente limpo e seguro, e, acima de tudo, garantir que os animais n\u00e3o estejam submetidos a situa\u00e7\u00f5es de estresse e viol\u00eancia. Esta regula\u00e7\u00e3o \u00e9 vital para assegurar que todos os animais recebam os cuidados que merecem.<\/p>\n<h2>O Papel da Guarda Ambiental no Resgate de Animais<\/h2>\n<p>A Guarda Ambiental desempenha um papel essencial na prote\u00e7\u00e3o dos animais e na supervis\u00e3o das condi\u00e7\u00f5es sob as quais os pets s\u00e3o mantidos. Essa equipe n\u00e3o apenas atua em resgates, mas tamb\u00e9m educa a comunidade sobre os direitos dos animais e as responsabilidades dos tutores.<\/p>\n<p>Al\u00e9m do resgate, a Guarda Ambiental se empenha em sensibilizar a popula\u00e7\u00e3o sobre a import\u00e2ncia da ado\u00e7\u00e3o e sobre como tratar os animais com respeito e dignidade. Essa abordagem educativa \u00e9 fundamental para criar uma sociedade que valoriza o bem-estar animal.<\/p>\n<h2>Cuidados Veterin\u00e1rios P\u00f3s-Resgate: O Que Eles Precisam?<\/h2>\n<p>Ap\u00f3s serem resgatados, os c\u00e3es necessitam de uma s\u00e9rie de cuidados veterin\u00e1rios que podem incluir:<\/p>\n<ul>\n<li><strong>Avalia\u00e7\u00e3o de Sa\u00fade:<\/strong> Exames gerais para identificar doen\u00e7as ou condi\u00e7\u00f5es que afetem a sa\u00fade dos animais.<\/li>\n<li><strong>Hidrata\u00e7\u00e3o e Nutri\u00e7\u00e3o:<\/strong> Plano de alimenta\u00e7\u00e3o e hidrata\u00e7\u00e3o para reverter a desnutri\u00e7\u00e3o e a desidrata\u00e7\u00e3o.<\/li>\n<li><strong>Vacina\u00e7\u00e3o:<\/strong> Imuniza\u00e7\u00e3o para proteger os animais de doen\u00e7as comuns.<\/li>\n<li><strong>Tratamentos Psicol\u00f3gicos:<\/strong> Aten\u00e7\u00e3o ao estado emocional dos c\u00e3es que podem ter sofrido traumas.<\/li>\n<li><strong>Socializa\u00e7\u00e3o:<\/strong> Programas para ajudar os c\u00e3es a se readaptarem ao conv\u00edvio social.<\/li>\n<\/ul>\n<p>Esses cuidados s\u00e3o fundamentais para garantir que os animais possam se recuperar plenamente e ter uma chance real de serem adotados em lares amorosos no futuro.<\/p>\n<h2>Como Denunciar Maus-Tratos a Animais?<\/h2>\n<p>Denunciar maus-tratos a animais \u00e9 uma responsabilidade c\u00edvica de todos. Caso voc\u00ea presencie uma situa\u00e7\u00e3o de abuso ou neglig\u00eancia, \u00e9 importante tomar as seguintes a\u00e7\u00f5es:<\/p>\n<ul>\n<li><strong>Documentar a Situa\u00e7\u00e3o:<\/strong> Se poss\u00edvel, registre fotos ou v\u00eddeos que comprovem a condi\u00e7\u00e3o do animal.<\/li>\n<li><strong>Contatar as Autoridades:<\/strong> Alerte a Guarda Ambiental, a Pol\u00edcia Militar ou outras entidades que atuem na prote\u00e7\u00e3o animal.<\/li>\n<li><strong>Informar ONGs e Abrigos:<\/strong> Muitas organiza\u00e7\u00f5es n\u00e3o-governamentais podem ajudar na mobiliza\u00e7\u00e3o de resgates.<\/li>\n<li><strong>Falar Sobre o Caso:<\/strong> Compartilhar em redes sociais pode aumentar a visibilidade do problema e gerar apoio.<\/li>\n<\/ul>\n<p>A den\u00fancia \u00e9 um passo crucial para proteger os animais em situa\u00e7\u00f5es vulner\u00e1veis e garantir que essas quest\u00f5es sejam tratadas com a seriedade que merecem.<\/p>\n<h2>A Import\u00e2ncia da Conscientiza\u00e7\u00e3o sobre Prote\u00e7\u00e3o Animal<\/h2>\n<p>A conscientiza\u00e7\u00e3o a respeito da prote\u00e7\u00e3o animal \u00e9 vital para a constru\u00e7\u00e3o de uma sociedade mais \u00e9tica e respons\u00e1vel. As campanhas de educa\u00e7\u00e3o ajudam a informar os cidad\u00e3os sobre suas responsabilidades como tutores, a necessidade de prevenir o abandono e a import\u00e2ncia da ado\u00e7\u00e3o respons\u00e1vel.<\/p>\n<p>Atrav\u00e9s de iniciativas em escolas, comunidades e redes sociais, \u00e9 poss\u00edvel educar as pessoas sobre o que \u00e9 considerado maus-tratos e como agir em situa\u00e7\u00f5es de risco para os animais. A sensibiliza\u00e7\u00e3o tamb\u00e9m pode incentivar mais pessoas a se envolverem no voluntariado ou a doarem para causas que apoiem o bem-estar animal.<\/p>\n<h2>Pr\u00f3ximos Passos na Luta Contra Maus-Tratos a Animais<\/h2>\n<p>Os recentes eventos em Cotia destacam a urg\u00eancia de um trabalho cont\u00ednuo na luta contra maus-tratos a animais. As autoridades devem intensificar vigilantemente as inspe\u00e7\u00f5es e os monitoramentos, e ser firmes nas puni\u00e7\u00f5es contra os infratores que agem de forma irrespons\u00e1vel.<\/p>\n<p>A colabora\u00e7\u00e3o entre a sociedade civil, ONGs, e os \u00f3rg\u00e3os p\u00fablicos \u00e9 fundamental para criar um sistema de prote\u00e7\u00e3o robusto. As pessoas devem se unir n\u00e3o apenas para denunciar, mas tamb\u00e9m para buscar solu\u00e7\u00f5es e apoiar as comunidades que promovem a prote\u00e7\u00e3o e o cuidado de animais.<\/p>\n<p>O resgate dos 21 c\u00e3es foi apenas o come\u00e7o de uma luta mais ampla, que visa erradicar a crueldade contra os animais e promover uma cultura de respeito e carinho em rela\u00e7\u00e3o a todas as criaturas vivas.<\/p>\n\n<div style=\"font-size: 0px; height: 0px; line-height: 0px; margin: 0; padding: 0; clear: both;\"><\/div>","protected":false},"excerpt":{"rendered":"<p>C\u00e3es famintos s\u00e3o resgatados em Cotia; uma opera\u00e7\u00e3o chocante que revela a realidade dos maus-tratos.<\/p>\n","protected":false},"author":1,"featured_media":4936,"comment_status":"closed","ping_status":"","sticky":false,"template":"","format":"standard","meta":{"footnotes":""},"categories":[36],"tags":[],"yoast_head":"<!-- This site is optimized with the Yoast SEO plugin v22.8 - https:\/\/yoast.com\/wordpress\/plugins\/seo\/ -->\n<title>21 c\u00e3es famintos s\u00e3o resgatados em canil clandestino em Cotia - Encontra Cotia<\/title>\n<meta name=\"robots\" content=\"index, follow, max-snippet:-1, max-image-preview:large, max-video-preview:-1\" \/>\n<link rel=\"canonical\" href=\"https:\/\/www.encontracotia.com.br\/sobre\/21-caes-famintos-sao-resgatados-em-canil-clandestino-em-cotia\/\" \/>\n<meta property=\"og:locale\" content=\"pt_BR\" \/>\n<meta property=\"og:type\" content=\"article\" \/>\n<meta property=\"og:title\" content=\"21 c\u00e3es famintos s\u00e3o resgatados em canil clandestino em Cotia - Encontra Cotia\" \/>\n<meta property=\"og:description\" content=\"C\u00e3es famintos s\u00e3o resgatados em Cotia; uma opera\u00e7\u00e3o chocante que revela a realidade dos maus-tratos.\" \/>\n<meta property=\"og:url\" content=\"https:\/\/www.encontracotia.com.br\/sobre\/21-caes-famintos-sao-resgatados-em-canil-clandestino-em-cotia\/\" \/>\n<meta property=\"og:site_name\" content=\"Encontra Cotia\" \/>\n<meta property=\"article:published_time\" content=\"2026-08-24T23:38:09+00:00\" \/>\n<meta property=\"og:image\" content=\"https:\/\/www.encontracotia.com.br\/sobre\/wp-content\/uploads\/2026\/08\/21-caes-famintos-sao-resgatados-em-canil-clandestino-em-cotia-1.webp\" \/>\n<meta name=\"author\" content=\"Encontra Cotia\" \/>\n<meta name=\"twitter:card\" content=\"summary_large_image\" \/>\n<meta name=\"twitter:label1\" content=\"Escrito por\" \/>\n\t<meta name=\"twitter:data1\" content=\"Encontra Cotia\" \/>\n\t<meta name=\"twitter:label2\" content=\"Est. tempo de leitura\" \/>\n\t<meta name=\"twitter:data2\" content=\"6 minutos\" \/>\n<script type=\"application\/ld+json\" class=\"yoast-schema-graph\">{\"@context\":\"https:\/\/schema.org\",\"@graph\":[{\"@type\":\"WebPage\",\"@id\":\"https:\/\/www.encontracotia.com.br\/sobre\/21-caes-famintos-sao-resgatados-em-canil-clandestino-em-cotia\/\",\"url\":\"https:\/\/www.encontracotia.com.br\/sobre\/21-caes-famintos-sao-resgatados-em-canil-clandestino-em-cotia\/\",\"name\":\"21 c\u00e3es famintos s\u00e3o resgatados em canil clandestino em Cotia - Encontra Cotia\",\"isPartOf\":{\"@id\":\"https:\/\/www.encontracotia.com.br\/sobre\/#website\"},\"primaryImageOfPage\":{\"@id\":\"https:\/\/www.encontracotia.com.br\/sobre\/21-caes-famintos-sao-resgatados-em-canil-clandestino-em-cotia\/#primaryimage\"},\"image\":{\"@id\":\"https:\/\/www.encontracotia.com.br\/sobre\/21-caes-famintos-sao-resgatados-em-canil-clandestino-em-cotia\/#primaryimage\"},\"thumbnailUrl\":\"https:\/\/www.encontracotia.com.br\/sobre\/wp-content\/uploads\/2026\/08\/21-caes-famintos-sao-resgatados-em-canil-clandestino-em-cotia-1.webp\",\"datePublished\":\"2026-08-24T23:38:09+00:00\",\"dateModified\":\"2026-08-24T23:38:09+00:00\",\"author\":{\"@id\":\"https:\/\/www.encontracotia.com.br\/sobre\/#\/schema\/person\/c1e30d47a80f096820675a8969843f44\"},\"breadcrumb\":{\"@id\":\"https:\/\/www.encontracotia.com.br\/sobre\/21-caes-famintos-sao-resgatados-em-canil-clandestino-em-cotia\/#breadcrumb\"},\"inLanguage\":\"pt-BR\",\"potentialAction\":[{\"@type\":\"ReadAction\",\"target\":[\"https:\/\/www.encontracotia.com.br\/sobre\/21-caes-famintos-sao-resgatados-em-canil-clandestino-em-cotia\/\"]}]},{\"@type\":\"ImageObject\",\"inLanguage\":\"pt-BR\",\"@id\":\"https:\/\/www.encontracotia.com.br\/sobre\/21-caes-famintos-sao-resgatados-em-canil-clandestino-em-cotia\/#primaryimage\",\"url\":\"https:\/\/www.encontracotia.com.br\/sobre\/wp-content\/uploads\/2026\/08\/21-caes-famintos-sao-resgatados-em-canil-clandestino-em-cotia-1.webp\",\"contentUrl\":\"https:\/\/www.encontracotia.com.br\/sobre\/wp-content\/uploads\/2026\/08\/21-caes-famintos-sao-resgatados-em-canil-clandestino-em-cotia-1.webp\",\"width\":280,\"height\":280,\"caption\":\"c\u00e3es famintos\"},{\"@type\":\"BreadcrumbList\",\"@id\":\"https:\/\/www.encontracotia.com.br\/sobre\/21-caes-famintos-sao-resgatados-em-canil-clandestino-em-cotia\/#breadcrumb\",\"itemListElement\":[{\"@type\":\"ListItem\",\"position\":1,\"name\":\"In\u00edcio\",\"item\":\"https:\/\/www.encontracotia.com.br\/sobre\/\"},{\"@type\":\"ListItem\",\"position\":2,\"name\":\"21 c\u00e3es famintos s\u00e3o resgatados em canil clandestino em Cotia\"}]},{\"@type\":\"WebSite\",\"@id\":\"https:\/\/www.encontracotia.com.br\/sobre\/#website\",\"url\":\"https:\/\/www.encontracotia.com.br\/sobre\/\",\"name\":\"Encontra Cotia\",\"description\":\"Not\u00edcias, eventos, informa\u00e7\u00f5es e dicas na cidade de Cotia e regi\u00e3o\",\"potentialAction\":[{\"@type\":\"SearchAction\",\"target\":{\"@type\":\"EntryPoint\",\"urlTemplate\":\"https:\/\/www.encontracotia.com.br\/sobre\/?s={search_term_string}\"},\"query-input\":\"required name=search_term_string\"}],\"inLanguage\":\"pt-BR\"},{\"@type\":\"Person\",\"@id\":\"https:\/\/www.encontracotia.com.br\/sobre\/#\/schema\/person\/c1e30d47a80f096820675a8969843f44\",\"name\":\"Encontra Cotia\",\"image\":{\"@type\":\"ImageObject\",\"inLanguage\":\"pt-BR\",\"@id\":\"https:\/\/www.encontracotia.com.br\/sobre\/#\/schema\/person\/image\/\",\"url\":\"https:\/\/secure.gravatar.com\/avatar\/f007732be0d27cbf8a336929fe922478?s=96&d=mm&r=g\",\"contentUrl\":\"https:\/\/secure.gravatar.com\/avatar\/f007732be0d27cbf8a336929fe922478?s=96&d=mm&r=g\",\"caption\":\"Encontra Cotia\"},\"sameAs\":[\"http:\/\/www.encontracotia.com.br\"],\"url\":\"https:\/\/www.encontracotia.com.br\/sobre\/author\/ecotia\/\"}]}<\/script>\n<!-- \/ Yoast SEO plugin. -->","yoast_head_json":{"title":"21 c\u00e3es famintos s\u00e3o resgatados em canil clandestino em Cotia - Encontra Cotia","robots":{"index":"index","follow":"follow","max-snippet":"max-snippet:-1","max-image-preview":"max-image-preview:large","max-video-preview":"max-video-preview:-1"},"canonical":"https:\/\/www.encontracotia.com.br\/sobre\/21-caes-famintos-sao-resgatados-em-canil-clandestino-em-cotia\/","og_locale":"pt_BR","og_type":"article","og_title":"21 c\u00e3es famintos s\u00e3o resgatados em canil clandestino em Cotia - Encontra Cotia","og_description":"C\u00e3es famintos s\u00e3o resgatados em Cotia; uma opera\u00e7\u00e3o chocante que revela a realidade dos maus-tratos.","og_url":"https:\/\/www.encontracotia.com.br\/sobre\/21-caes-famintos-sao-resgatados-em-canil-clandestino-em-cotia\/","og_site_name":"Encontra Cotia","article_published_time":"2026-08-24T23:38:09+00:00","og_image":[{"url":"https:\/\/www.encontracotia.com.br\/sobre\/wp-content\/uploads\/2026\/08\/21-caes-famintos-sao-resgatados-em-canil-clandestino-em-cotia-1.webp"}],"author":"Encontra Cotia","twitter_card":"summary_large_image","twitter_misc":{"Escrito por":"Encontra Cotia","Est. tempo de leitura":"6 minutos"},"schema":{"@context":"https:\/\/schema.org","@graph":[{"@type":"WebPage","@id":"https:\/\/www.encontracotia.com.br\/sobre\/21-caes-famintos-sao-resgatados-em-canil-clandestino-em-cotia\/","url":"https:\/\/www.encontracotia.com.br\/sobre\/21-caes-famintos-sao-resgatados-em-canil-clandestino-em-cotia\/","name":"21 c\u00e3es famintos s\u00e3o resgatados em canil clandestino em Cotia - Encontra Cotia","isPartOf":{"@id":"https:\/\/www.encontracotia.com.br\/sobre\/#website"},"primaryImageOfPage":{"@id":"https:\/\/www.encontracotia.com.br\/sobre\/21-caes-famintos-sao-resgatados-em-canil-clandestino-em-cotia\/#primaryimage"},"image":{"@id":"https:\/\/www.encontracotia.com.br\/sobre\/21-caes-famintos-sao-resgatados-em-canil-clandestino-em-cotia\/#primaryimage"},"thumbnailUrl":"https:\/\/www.encontracotia.com.br\/sobre\/wp-content\/uploads\/2026\/08\/21-caes-famintos-sao-resgatados-em-canil-clandestino-em-cotia-1.webp","datePublished":"2026-08-24T23:38:09+00:00","dateModified":"2026-08-24T23:38:09+00:00","author":{"@id":"https:\/\/www.encontracotia.com.br\/sobre\/#\/schema\/person\/c1e30d47a80f096820675a8969843f44"},"breadcrumb":{"@id":"https:\/\/www.encontracotia.com.br\/sobre\/21-caes-famintos-sao-resgatados-em-canil-clandestino-em-cotia\/#breadcrumb"},"inLanguage":"pt-BR","potentialAction":[{"@type":"ReadAction","target":["https:\/\/www.encontracotia.com.br\/sobre\/21-caes-famintos-sao-resgatados-em-canil-clandestino-em-cotia\/"]}]},{"@type":"ImageObject","inLanguage":"pt-BR","@id":"https:\/\/www.encontracotia.com.br\/sobre\/21-caes-famintos-sao-resgatados-em-canil-clandestino-em-cotia\/#primaryimage","url":"https:\/\/www.encontracotia.com.br\/sobre\/wp-content\/uploads\/2026\/08\/21-caes-famintos-sao-resgatados-em-canil-clandestino-em-cotia-1.webp","contentUrl":"https:\/\/www.encontracotia.com.br\/sobre\/wp-content\/uploads\/2026\/08\/21-caes-famintos-sao-resgatados-em-canil-clandestino-em-cotia-1.webp","width":280,"height":280,"caption":"c\u00e3es famintos"},{"@type":"BreadcrumbList","@id":"https:\/\/www.encontracotia.com.br\/sobre\/21-caes-famintos-sao-resgatados-em-canil-clandestino-em-cotia\/#breadcrumb","itemListElement":[{"@type":"ListItem","position":1,"name":"In\u00edcio","item":"https:\/\/www.encontracotia.com.br\/sobre\/"},{"@type":"ListItem","position":2,"name":"21 c\u00e3es famintos s\u00e3o resgatados em canil clandestino em Cotia"}]},{"@type":"WebSite","@id":"https:\/\/www.encontracotia.com.br\/sobre\/#website","url":"https:\/\/www.encontracotia.com.br\/sobre\/","name":"Encontra Cotia","description":"Not\u00edcias, eventos, informa\u00e7\u00f5es e dicas na cidade de Cotia e regi\u00e3o","potentialAction":[{"@type":"SearchAction","target":{"@type":"EntryPoint","urlTemplate":"https:\/\/www.encontracotia.com.br\/sobre\/?s={search_term_string}"},"query-input":"required name=search_term_string"}],"inLanguage":"pt-BR"},{"@type":"Person","@id":"https:\/\/www.encontracotia.com.br\/sobre\/#\/schema\/person\/c1e30d47a80f096820675a8969843f44","name":"Encontra Cotia","image":{"@type":"ImageObject","inLanguage":"pt-BR","@id":"https:\/\/www.encontracotia.com.br\/sobre\/#\/schema\/person\/image\/","url":"https:\/\/secure.gravatar.com\/avatar\/f007732be0d27cbf8a336929fe922478?s=96&d=mm&r=g","contentUrl":"https:\/\/secure.gravatar.com\/avatar\/f007732be0d27cbf8a336929fe922478?s=96&d=mm&r=g","caption":"Encontra Cotia"},"sameAs":["http:\/\/www.encontracotia.com.br"],"url":"https:\/\/www.encontracotia.com.br\/sobre\/author\/ecotia\/"}]}},"_links":{"self":[{"href":"https:\/\/www.encontracotia.com.br\/sobre\/wp-json\/wp\/v2\/posts\/4937"}],"collection":[{"href":"https:\/\/www.encontracotia.com.br\/sobre\/wp-json\/wp\/v2\/posts"}],"about":[{"href":"https:\/\/www.encontracotia.com.br\/sobre\/wp-json\/wp\/v2\/types\/post"}],"author":[{"embeddable":true,"href":"https:\/\/www.encontracotia.com.br\/sobre\/wp-json\/wp\/v2\/users\/1"}],"replies":[{"embeddable":true,"href":"https:\/\/www.encontracotia.com.br\/sobre\/wp-json\/wp\/v2\/comments?post=4937"}],"version-history":[{"count":0,"href":"https:\/\/www.encontracotia.com.br\/sobre\/wp-json\/wp\/v2\/posts\/4937\/revisions"}],"wp:featuredmedia":[{"embeddable":true,"href":"https:\/\/www.encontracotia.com.br\/sobre\/wp-json\/wp\/v2\/media\/4936"}],"wp:attachment":[{"href":"https:\/\/www.encontracotia.com.br\/sobre\/wp-json\/wp\/v2\/media?parent=4937"}],"wp:term":[{"taxonomy":"category","embeddable":true,"href":"https:\/\/www.encontracotia.com.br\/sobre\/wp-json\/wp\/v2\/categories?post=4937"},{"taxonomy":"post_tag","embeddable":true,"href":"https:\/\/www.encontracotia.com.br\/sobre\/wp-json\/wp\/v2\/tags?post=4937"}],"curies":[{"name":"wp","href":"https:\/\/api.w.org\/{rel}","templated":true}]}}