{"id":5013,"date":"2026-09-04T05:57:18","date_gmt":"2026-09-04T08:57:18","guid":{"rendered":"https:\/\/www.encontracotia.com.br\/sobre\/criancas-e-adolescentes-tem-voz-na-construcao-de-politicas-publicas-em-cotia\/"},"modified":"2026-09-04T05:57:18","modified_gmt":"2026-09-04T08:57:18","slug":"criancas-e-adolescentes-tem-voz-na-construcao-de-politicas-publicas-em-cotia","status":"publish","type":"post","link":"https:\/\/www.encontracotia.com.br\/sobre\/criancas-e-adolescentes-tem-voz-na-construcao-de-politicas-publicas-em-cotia\/","title":{"rendered":"Crian\u00e7as e adolescentes t\u00eam voz na constru\u00e7\u00e3o de pol\u00edticas p\u00fablicas em Cotia"},"content":{"rendered":"<div class=\"2f389296077028a1aaf14325388ebb6c\" data-index=\"1\" style=\"float: none; margin:5px 0 5px 0; text-align:center;\">\n<!-- PUB 73 - Responsivo Horizontal -->\r\n<ins class=\"adsbygoogle\"\r\n     style=\"display:block\"\r\n     data-ad-client=\"ca-pub-7321736592693252\"\r\n     data-ad-slot=\"3087950420\"\r\n     data-ad-format=\"auto\"\r\n     data-full-width-responsive=\"true\"><\/ins>\r\n<script>\r\n     (adsbygoogle = window.adsbygoogle || []).push({});\r\n<\/script>\n<\/div>\n<h2>Crian\u00e7as como Protagonistas da Mudan\u00e7a<\/h2>\n<p>Nos \u00faltimos meses, um movimento significativo ocorreu em Cotia, onde crian\u00e7as e adolescentes tiveram a chance de expressar suas opini\u00f5es sobre os servi\u00e7os dispon\u00edveis na cidade. Esse espa\u00e7o de fala \u00e9 essencial, pois reconhece a import\u00e2ncia dos jovens na elabora\u00e7\u00e3o e implementa\u00e7\u00e3o de pol\u00edticas p\u00fablicas que impactam suas vidas. As vozes dos jovens n\u00e3o apenas informam, mas tamb\u00e9m moldam as decis\u00f5es que afetam seu futuro, destacando a necessidade de uma abordagem centrada na inf\u00e2ncia.<\/p>\n<h2>Pr\u00e9-Confer\u00eancias: Uma Oportunidade de Escuta<\/h2>\n<p>Em agosto, v\u00e1rias pr\u00e9-confer\u00eancias foram realizadas em diversos locais de Cotia, permitindo que meninos e meninas de v\u00e1rias idades compartilhassem suas experi\u00eancias e preocupa\u00e7\u00f5es em rela\u00e7\u00e3o a aspectos fundamentais de suas vidas, como educa\u00e7\u00e3o, sa\u00fade, alimenta\u00e7\u00e3o e lazer. Esses encontros serviram como uma plataforma para que os adultos ouvissem o que as crian\u00e7as tinham a dizer, promovendo um di\u00e1logo aberto que \u00e9 frequentemente negligenciado.<\/p>\n<h2>Direitos Fundacionais: O que Crian\u00e7as Precisam?<\/h2>\n<p>Durante os encontros, muitos temas relacionados aos direitos fundamentais foram discutidos. As crian\u00e7as enfatizaram a import\u00e2ncia de terem acesso \u00e0 sa\u00fade de qualidade, uma educa\u00e7\u00e3o adequada, alimenta\u00e7\u00e3o saud\u00e1vel e, principalmente, espa\u00e7os adequados para brincar. Esses direitos, que podem parecer simples, s\u00e3o fundamentais para o desenvolvimento saud\u00e1vel e pleno das crian\u00e7as e adolescentes, conforme estipulado no Estatuto da Crian\u00e7a e do Adolescente (ECA).<\/p>\n<p><img decoding=\"async\" src=\"https:\/\/www.encontracotia.com.br\/sobre\/wp-content\/uploads\/2026\/09\/criancas-e-adolescentes-tem-voz-na-construcao-de-politicas-publicas-em-cotia.webp\" alt=\"crian\u00e7as e adolescentes em pol\u00edticas p\u00fablicas\" loading=\"lazy\" \/><\/p>\n<h2>A Import\u00e2ncia da Participa\u00e7\u00e3o Infantil nas Pol\u00edticas<\/h2>\n<p>O envolvimento ativo de crian\u00e7as e adolescentes na formula\u00e7\u00e3o de pol\u00edticas \u00e9 crucial. Sua participa\u00e7\u00e3o n\u00e3o apenas garante que suas necessidades e desejos sejam ouvidos, mas tamb\u00e9m os empodera. Quando as crian\u00e7as sentem que suas opini\u00f5es s\u00e3o valorizadas, elas se tornam mais engajadas e conscientes de sua cidadania. Isso as prepara para se tornarem adultos ativos e responsivos em suas comunidades.<\/p>\n<h2>Linguagem L\u00fadica: Facilitando a Comunica\u00e7\u00e3o<\/h2>\n<p>Para tornar o di\u00e1logo acess\u00edvel, os organizadores das pr\u00e9-confer\u00eancias utilizam uma linguagem mais l\u00fadica e menos t\u00e9cnica. Essa estrat\u00e9gia visou criar um ambiente onde todos se sentissem \u00e0 vontade para se expressar. Por exemplo, em uma atividade, um novelo de l\u00e3 foi passado entre os participantes enquanto compartilhavam o que gostavam em ser crian\u00e7as. Isso simbolizou a interconex\u00e3o entre os direitos e a constru\u00e7\u00e3o de uma rede de apoio, tornando o aprendizado mais interativo e memor\u00e1vel.<\/p>\n<h2>Desafios Enfrentados na Educa\u00e7\u00e3o e Sa\u00fade<\/h2>\n<p>Aos discutir a realidade em que vivem, as crian\u00e7as trouxeram \u00e0 tona preocupa\u00e7\u00f5es s\u00e9rias, especialmente em rela\u00e7\u00e3o \u00e0 educa\u00e7\u00e3o e \u00e0 sa\u00fade. O estado das infraestruturas escolares foi um dos t\u00f3picos mais abordados, com muitas crian\u00e7as pedindo melhorias para que as escolas possam oferecer um ambiente mais seguro e prop\u00edcio ao aprendizado. Al\u00e9m disso, quest\u00f5es relacionadas ao acesso \u00e0 sa\u00fade foram destacadas, mostrando a urg\u00eancia de a\u00e7\u00f5es efetivas que garantam o bem-estar dos jovens na cidade.<\/p>\n<h2>Construindo Redes de Prote\u00e7\u00e3o para a Inf\u00e2ncia<\/h2>\n<p>Os resultados das pr\u00e9-confer\u00eancias tamb\u00e9m abriram caminho para discuss\u00f5es sobre a cria\u00e7\u00e3o de redes de prote\u00e7\u00e3o mais robustas para crian\u00e7as e adolescentes. Criar um ambiente onde as crian\u00e7as possam se sentir seguras \u00e9 uma responsabilidade compartilhada entre pais, escola e governo. A colabora\u00e7\u00e3o entre esses setores \u00e9 essencial para implementar estrat\u00e9gias que promovam a seguran\u00e7a e o acesso aos direitos fundamentais.<\/p>\n<h2>O Que as Crian\u00e7as Querem? Ouvir para Aprender<\/h2>\n<p>A consulta aos jovens revelou n\u00e3o apenas suas preocupa\u00e7\u00f5es, mas tamb\u00e9m suas esperan\u00e7as e desejos. Eles expressaram o anseio por mais espa\u00e7os de lazer, atividades culturais e oportunidades para se engajar em a\u00e7\u00f5es comunit\u00e1rias. Essas demandas n\u00e3o s\u00e3o apenas pedidos; s\u00e3o um reflexo do que as crian\u00e7as consideram vital para uma inf\u00e2ncia feliz e saud\u00e1vel.<\/p>\n<h2>A Prepara\u00e7\u00e3o para a Confer\u00eancia Municipal<\/h2>\n<p>As pr\u00e9-confer\u00eancias est\u00e3o preparat\u00f3rias para a Confer\u00eancia Municipal dos Direitos da Crian\u00e7a e do Adolescente, programada para acontecer em outubro. Este evento ser\u00e1 uma continuidade do di\u00e1logo iniciado nas pr\u00e9-confer\u00eancias, abrangendo um p\u00fablico mais amplo e permitindo que as crian\u00e7as compartilhem seus pensamentos em um cen\u00e1rio ainda mais significativo.<\/p>\n<h2>Impacto das Vozes Jovens nas Decis\u00f5es Futuras<\/h2>\n<p>O impacto das vozes jovens nas decis\u00f5es pol\u00edticas \u00e9 ineg\u00e1vel. \u00c0 medida que as autoridades come\u00e7am a entender a relev\u00e2ncia de incluir a perspectiva das crian\u00e7as nas discuss\u00f5es, espera-se que as pol\u00edticas p\u00fablicas se tornem mais inclusivas e responsivas. O objetivo final \u00e9 garantir que os direitos das crian\u00e7as e adolescentes n\u00e3o apenas sejam reconhecidos, mas tamb\u00e9m respeitados e promovidos de maneira eficaz em Cotia e al\u00e9m.<\/p>\n<p>A participa\u00e7\u00e3o de crian\u00e7as e adolescentes nos processos de formula\u00e7\u00e3o de pol\u00edticas \u00e9 uma pr\u00e1tica que deve ser incentivada e expandida. Ao ouvir as suas vozes, estamos n\u00e3o apenas moldando um amanh\u00e3 melhor para eles, mas tamb\u00e9m construindo uma sociedade mais justa e equitativa para todos.<\/p>\n\n<div style=\"font-size: 0px; height: 0px; line-height: 0px; margin: 0; padding: 0; clear: both;\"><\/div>","protected":false},"excerpt":{"rendered":"<p>Crian\u00e7as e adolescentes t\u00eam voz ativa em Cotia na constru\u00e7\u00e3o de pol\u00edticas p\u00fablicas relevantes.<\/p>\n","protected":false},"author":1,"featured_media":5012,"comment_status":"closed","ping_status":"","sticky":false,"template":"","format":"standard","meta":{"footnotes":""},"categories":[29],"tags":[],"yoast_head":"<!-- This site is optimized with the Yoast SEO plugin v22.8 - https:\/\/yoast.com\/wordpress\/plugins\/seo\/ -->\n<title>Crian\u00e7as e adolescentes t\u00eam voz na constru\u00e7\u00e3o de pol\u00edticas p\u00fablicas em Cotia - Encontra Cotia<\/title>\n<meta name=\"robots\" content=\"index, follow, max-snippet:-1, max-image-preview:large, max-video-preview:-1\" \/>\n<link rel=\"canonical\" href=\"https:\/\/www.encontracotia.com.br\/sobre\/criancas-e-adolescentes-tem-voz-na-construcao-de-politicas-publicas-em-cotia\/\" \/>\n<meta property=\"og:locale\" content=\"pt_BR\" \/>\n<meta property=\"og:type\" content=\"article\" \/>\n<meta property=\"og:title\" content=\"Crian\u00e7as e adolescentes t\u00eam voz na constru\u00e7\u00e3o de pol\u00edticas p\u00fablicas em Cotia - Encontra Cotia\" \/>\n<meta property=\"og:description\" content=\"Crian\u00e7as e adolescentes t\u00eam voz ativa em Cotia na constru\u00e7\u00e3o de pol\u00edticas p\u00fablicas relevantes.\" \/>\n<meta property=\"og:url\" content=\"https:\/\/www.encontracotia.com.br\/sobre\/criancas-e-adolescentes-tem-voz-na-construcao-de-politicas-publicas-em-cotia\/\" \/>\n<meta property=\"og:site_name\" content=\"Encontra Cotia\" \/>\n<meta property=\"article:published_time\" content=\"2026-09-04T08:57:18+00:00\" \/>\n<meta property=\"og:image\" content=\"https:\/\/www.encontracotia.com.br\/sobre\/wp-content\/uploads\/2026\/09\/criancas-e-adolescentes-tem-voz-na-construcao-de-politicas-publicas-em-cotia.webp\" \/>\n<meta name=\"author\" content=\"Encontra Cotia\" \/>\n<meta name=\"twitter:card\" content=\"summary_large_image\" \/>\n<meta name=\"twitter:label1\" content=\"Escrito por\" \/>\n\t<meta name=\"twitter:data1\" content=\"Encontra Cotia\" \/>\n\t<meta name=\"twitter:label2\" content=\"Est. tempo de leitura\" \/>\n\t<meta name=\"twitter:data2\" content=\"4 minutos\" \/>\n<script type=\"application\/ld+json\" class=\"yoast-schema-graph\">{\"@context\":\"https:\/\/schema.org\",\"@graph\":[{\"@type\":\"WebPage\",\"@id\":\"https:\/\/www.encontracotia.com.br\/sobre\/criancas-e-adolescentes-tem-voz-na-construcao-de-politicas-publicas-em-cotia\/\",\"url\":\"https:\/\/www.encontracotia.com.br\/sobre\/criancas-e-adolescentes-tem-voz-na-construcao-de-politicas-publicas-em-cotia\/\",\"name\":\"Crian\u00e7as e adolescentes t\u00eam voz na constru\u00e7\u00e3o de pol\u00edticas p\u00fablicas em Cotia - Encontra Cotia\",\"isPartOf\":{\"@id\":\"https:\/\/www.encontracotia.com.br\/sobre\/#website\"},\"primaryImageOfPage\":{\"@id\":\"https:\/\/www.encontracotia.com.br\/sobre\/criancas-e-adolescentes-tem-voz-na-construcao-de-politicas-publicas-em-cotia\/#primaryimage\"},\"image\":{\"@id\":\"https:\/\/www.encontracotia.com.br\/sobre\/criancas-e-adolescentes-tem-voz-na-construcao-de-politicas-publicas-em-cotia\/#primaryimage\"},\"thumbnailUrl\":\"https:\/\/www.encontracotia.com.br\/sobre\/wp-content\/uploads\/2026\/09\/criancas-e-adolescentes-tem-voz-na-construcao-de-politicas-publicas-em-cotia.webp\",\"datePublished\":\"2026-09-04T08:57:18+00:00\",\"dateModified\":\"2026-09-04T08:57:18+00:00\",\"author\":{\"@id\":\"https:\/\/www.encontracotia.com.br\/sobre\/#\/schema\/person\/c1e30d47a80f096820675a8969843f44\"},\"breadcrumb\":{\"@id\":\"https:\/\/www.encontracotia.com.br\/sobre\/criancas-e-adolescentes-tem-voz-na-construcao-de-politicas-publicas-em-cotia\/#breadcrumb\"},\"inLanguage\":\"pt-BR\",\"potentialAction\":[{\"@type\":\"ReadAction\",\"target\":[\"https:\/\/www.encontracotia.com.br\/sobre\/criancas-e-adolescentes-tem-voz-na-construcao-de-politicas-publicas-em-cotia\/\"]}]},{\"@type\":\"ImageObject\",\"inLanguage\":\"pt-BR\",\"@id\":\"https:\/\/www.encontracotia.com.br\/sobre\/criancas-e-adolescentes-tem-voz-na-construcao-de-politicas-publicas-em-cotia\/#primaryimage\",\"url\":\"https:\/\/www.encontracotia.com.br\/sobre\/wp-content\/uploads\/2026\/09\/criancas-e-adolescentes-tem-voz-na-construcao-de-politicas-publicas-em-cotia.webp\",\"contentUrl\":\"https:\/\/www.encontracotia.com.br\/sobre\/wp-content\/uploads\/2026\/09\/criancas-e-adolescentes-tem-voz-na-construcao-de-politicas-publicas-em-cotia.webp\",\"width\":280,\"height\":280,\"caption\":\"crian\u00e7as e adolescentes em pol\u00edticas p\u00fablicas\"},{\"@type\":\"BreadcrumbList\",\"@id\":\"https:\/\/www.encontracotia.com.br\/sobre\/criancas-e-adolescentes-tem-voz-na-construcao-de-politicas-publicas-em-cotia\/#breadcrumb\",\"itemListElement\":[{\"@type\":\"ListItem\",\"position\":1,\"name\":\"In\u00edcio\",\"item\":\"https:\/\/www.encontracotia.com.br\/sobre\/\"},{\"@type\":\"ListItem\",\"position\":2,\"name\":\"Crian\u00e7as e adolescentes t\u00eam voz na constru\u00e7\u00e3o de pol\u00edticas p\u00fablicas em Cotia\"}]},{\"@type\":\"WebSite\",\"@id\":\"https:\/\/www.encontracotia.com.br\/sobre\/#website\",\"url\":\"https:\/\/www.encontracotia.com.br\/sobre\/\",\"name\":\"Encontra Cotia\",\"description\":\"Not\u00edcias, eventos, informa\u00e7\u00f5es e dicas na cidade de Cotia e regi\u00e3o\",\"potentialAction\":[{\"@type\":\"SearchAction\",\"target\":{\"@type\":\"EntryPoint\",\"urlTemplate\":\"https:\/\/www.encontracotia.com.br\/sobre\/?s={search_term_string}\"},\"query-input\":\"required name=search_term_string\"}],\"inLanguage\":\"pt-BR\"},{\"@type\":\"Person\",\"@id\":\"https:\/\/www.encontracotia.com.br\/sobre\/#\/schema\/person\/c1e30d47a80f096820675a8969843f44\",\"name\":\"Encontra Cotia\",\"image\":{\"@type\":\"ImageObject\",\"inLanguage\":\"pt-BR\",\"@id\":\"https:\/\/www.encontracotia.com.br\/sobre\/#\/schema\/person\/image\/\",\"url\":\"https:\/\/secure.gravatar.com\/avatar\/f007732be0d27cbf8a336929fe922478?s=96&d=mm&r=g\",\"contentUrl\":\"https:\/\/secure.gravatar.com\/avatar\/f007732be0d27cbf8a336929fe922478?s=96&d=mm&r=g\",\"caption\":\"Encontra Cotia\"},\"sameAs\":[\"http:\/\/www.encontracotia.com.br\"],\"url\":\"https:\/\/www.encontracotia.com.br\/sobre\/author\/ecotia\/\"}]}<\/script>\n<!-- \/ Yoast SEO plugin. -->","yoast_head_json":{"title":"Crian\u00e7as e adolescentes t\u00eam voz na constru\u00e7\u00e3o de pol\u00edticas p\u00fablicas em Cotia - Encontra Cotia","robots":{"index":"index","follow":"follow","max-snippet":"max-snippet:-1","max-image-preview":"max-image-preview:large","max-video-preview":"max-video-preview:-1"},"canonical":"https:\/\/www.encontracotia.com.br\/sobre\/criancas-e-adolescentes-tem-voz-na-construcao-de-politicas-publicas-em-cotia\/","og_locale":"pt_BR","og_type":"article","og_title":"Crian\u00e7as e adolescentes t\u00eam voz na constru\u00e7\u00e3o de pol\u00edticas p\u00fablicas em Cotia - Encontra Cotia","og_description":"Crian\u00e7as e adolescentes t\u00eam voz ativa em Cotia na constru\u00e7\u00e3o de pol\u00edticas p\u00fablicas relevantes.","og_url":"https:\/\/www.encontracotia.com.br\/sobre\/criancas-e-adolescentes-tem-voz-na-construcao-de-politicas-publicas-em-cotia\/","og_site_name":"Encontra Cotia","article_published_time":"2026-09-04T08:57:18+00:00","og_image":[{"url":"https:\/\/www.encontracotia.com.br\/sobre\/wp-content\/uploads\/2026\/09\/criancas-e-adolescentes-tem-voz-na-construcao-de-politicas-publicas-em-cotia.webp"}],"author":"Encontra Cotia","twitter_card":"summary_large_image","twitter_misc":{"Escrito por":"Encontra Cotia","Est. tempo de leitura":"4 minutos"},"schema":{"@context":"https:\/\/schema.org","@graph":[{"@type":"WebPage","@id":"https:\/\/www.encontracotia.com.br\/sobre\/criancas-e-adolescentes-tem-voz-na-construcao-de-politicas-publicas-em-cotia\/","url":"https:\/\/www.encontracotia.com.br\/sobre\/criancas-e-adolescentes-tem-voz-na-construcao-de-politicas-publicas-em-cotia\/","name":"Crian\u00e7as e adolescentes t\u00eam voz na constru\u00e7\u00e3o de pol\u00edticas p\u00fablicas em Cotia - Encontra Cotia","isPartOf":{"@id":"https:\/\/www.encontracotia.com.br\/sobre\/#website"},"primaryImageOfPage":{"@id":"https:\/\/www.encontracotia.com.br\/sobre\/criancas-e-adolescentes-tem-voz-na-construcao-de-politicas-publicas-em-cotia\/#primaryimage"},"image":{"@id":"https:\/\/www.encontracotia.com.br\/sobre\/criancas-e-adolescentes-tem-voz-na-construcao-de-politicas-publicas-em-cotia\/#primaryimage"},"thumbnailUrl":"https:\/\/www.encontracotia.com.br\/sobre\/wp-content\/uploads\/2026\/09\/criancas-e-adolescentes-tem-voz-na-construcao-de-politicas-publicas-em-cotia.webp","datePublished":"2026-09-04T08:57:18+00:00","dateModified":"2026-09-04T08:57:18+00:00","author":{"@id":"https:\/\/www.encontracotia.com.br\/sobre\/#\/schema\/person\/c1e30d47a80f096820675a8969843f44"},"breadcrumb":{"@id":"https:\/\/www.encontracotia.com.br\/sobre\/criancas-e-adolescentes-tem-voz-na-construcao-de-politicas-publicas-em-cotia\/#breadcrumb"},"inLanguage":"pt-BR","potentialAction":[{"@type":"ReadAction","target":["https:\/\/www.encontracotia.com.br\/sobre\/criancas-e-adolescentes-tem-voz-na-construcao-de-politicas-publicas-em-cotia\/"]}]},{"@type":"ImageObject","inLanguage":"pt-BR","@id":"https:\/\/www.encontracotia.com.br\/sobre\/criancas-e-adolescentes-tem-voz-na-construcao-de-politicas-publicas-em-cotia\/#primaryimage","url":"https:\/\/www.encontracotia.com.br\/sobre\/wp-content\/uploads\/2026\/09\/criancas-e-adolescentes-tem-voz-na-construcao-de-politicas-publicas-em-cotia.webp","contentUrl":"https:\/\/www.encontracotia.com.br\/sobre\/wp-content\/uploads\/2026\/09\/criancas-e-adolescentes-tem-voz-na-construcao-de-politicas-publicas-em-cotia.webp","width":280,"height":280,"caption":"crian\u00e7as e adolescentes em pol\u00edticas p\u00fablicas"},{"@type":"BreadcrumbList","@id":"https:\/\/www.encontracotia.com.br\/sobre\/criancas-e-adolescentes-tem-voz-na-construcao-de-politicas-publicas-em-cotia\/#breadcrumb","itemListElement":[{"@type":"ListItem","position":1,"name":"In\u00edcio","item":"https:\/\/www.encontracotia.com.br\/sobre\/"},{"@type":"ListItem","position":2,"name":"Crian\u00e7as e adolescentes t\u00eam voz na constru\u00e7\u00e3o de pol\u00edticas p\u00fablicas em Cotia"}]},{"@type":"WebSite","@id":"https:\/\/www.encontracotia.com.br\/sobre\/#website","url":"https:\/\/www.encontracotia.com.br\/sobre\/","name":"Encontra Cotia","description":"Not\u00edcias, eventos, informa\u00e7\u00f5es e dicas na cidade de Cotia e regi\u00e3o","potentialAction":[{"@type":"SearchAction","target":{"@type":"EntryPoint","urlTemplate":"https:\/\/www.encontracotia.com.br\/sobre\/?s={search_term_string}"},"query-input":"required name=search_term_string"}],"inLanguage":"pt-BR"},{"@type":"Person","@id":"https:\/\/www.encontracotia.com.br\/sobre\/#\/schema\/person\/c1e30d47a80f096820675a8969843f44","name":"Encontra Cotia","image":{"@type":"ImageObject","inLanguage":"pt-BR","@id":"https:\/\/www.encontracotia.com.br\/sobre\/#\/schema\/person\/image\/","url":"https:\/\/secure.gravatar.com\/avatar\/f007732be0d27cbf8a336929fe922478?s=96&d=mm&r=g","contentUrl":"https:\/\/secure.gravatar.com\/avatar\/f007732be0d27cbf8a336929fe922478?s=96&d=mm&r=g","caption":"Encontra Cotia"},"sameAs":["http:\/\/www.encontracotia.com.br"],"url":"https:\/\/www.encontracotia.com.br\/sobre\/author\/ecotia\/"}]}},"_links":{"self":[{"href":"https:\/\/www.encontracotia.com.br\/sobre\/wp-json\/wp\/v2\/posts\/5013"}],"collection":[{"href":"https:\/\/www.encontracotia.com.br\/sobre\/wp-json\/wp\/v2\/posts"}],"about":[{"href":"https:\/\/www.encontracotia.com.br\/sobre\/wp-json\/wp\/v2\/types\/post"}],"author":[{"embeddable":true,"href":"https:\/\/www.encontracotia.com.br\/sobre\/wp-json\/wp\/v2\/users\/1"}],"replies":[{"embeddable":true,"href":"https:\/\/www.encontracotia.com.br\/sobre\/wp-json\/wp\/v2\/comments?post=5013"}],"version-history":[{"count":0,"href":"https:\/\/www.encontracotia.com.br\/sobre\/wp-json\/wp\/v2\/posts\/5013\/revisions"}],"wp:featuredmedia":[{"embeddable":true,"href":"https:\/\/www.encontracotia.com.br\/sobre\/wp-json\/wp\/v2\/media\/5012"}],"wp:attachment":[{"href":"https:\/\/www.encontracotia.com.br\/sobre\/wp-json\/wp\/v2\/media?parent=5013"}],"wp:term":[{"taxonomy":"category","embeddable":true,"href":"https:\/\/www.encontracotia.com.br\/sobre\/wp-json\/wp\/v2\/categories?post=5013"},{"taxonomy":"post_tag","embeddable":true,"href":"https:\/\/www.encontracotia.com.br\/sobre\/wp-json\/wp\/v2\/tags?post=5013"}],"curies":[{"name":"wp","href":"https:\/\/api.w.org\/{rel}","templated":true}]}}